{"id":1371,"date":"2024-08-08T08:00:56","date_gmt":"2024-08-08T08:00:56","guid":{"rendered":"https:\/\/folievoltaire.ch\/?p=1371"},"modified":"2026-08-30T20:48:11","modified_gmt":"2026-08-30T20:48:11","slug":"actuellement-ferme-3","status":"publish","type":"post","link":"https:\/\/folievoltaire.ch\/index.php\/2024\/08\/08\/actuellement-ferme-3\/","title":{"rendered":"Une douce lumi\u00e8re de fin de saison"},"content":{"rendered":"\n<p class=\"wp-block-paragraph\">Prochaines ouvertures pr\u00e9vues pour cette semaine en relation avec la m\u00e9t\u00e9o<\/p>\n\n\n\n<p class=\"wp-block-paragraph\">Lundi 31 ao\u00fbt, ouvert de 14h30 \u00e0 18h<\/p>\n\n\n\n<p class=\"wp-block-paragraph\">Mardi 1 septembre ouvert de 14h30 \u00e0 18h <\/p>\n\n\n\n<p class=\"wp-block-paragraph\">Mercredi 2 sept. de 14h30 \u00e0 18h<\/p>\n\n\n\n<p class=\"wp-block-paragraph\">Jeudi 3 , de 11h30 \u00e0 18h<\/p>\n\n\n\n<p class=\"wp-block-paragraph\"><\/p>\n\n\n\n<p class=\"wp-block-paragraph\">Cr\u00eapes sal\u00e9es et sucr\u00e9es, caf\u00e9s, th\u00e9s et boissons fra\u00eeches, toute la journ\u00e9e.<\/p>\n\n\n\n<p class=\"wp-block-paragraph\">Les horaires d&rsquo;ouvertures sont mis \u00e0 jour sur la fiche Google de la Folie Voltaire (faites une recherche \u00a0\u00bb Folie Voltaire\u00a0\u00bb sur Google et vous devriez tomber dessus)<\/p>\n\n\n\n<p class=\"wp-block-paragraph\">Il n&rsquo;y a pas de r\u00e9servations possible, merci de votre compr\u00e9hension.<\/p>\n\n\n\n<p class=\"wp-block-paragraph\"><\/p>\n\n\n\n<p class=\"wp-block-paragraph\"><\/p>\n\n\n\n<p class=\"wp-block-paragraph\"><\/p>\n\n\n\n<p class=\"wp-block-paragraph\">\u00c9V\u00c9NEMENTS PASS\u00c9S<\/p>\n\n\n\n<p class=\"wp-block-paragraph\">Dimanche 30 ao\u00fbt CONCERT SUR LA TERRASSE, Blues Country Rock avec \u00ab\u00a0Seventy\u00a0\u00bb<\/p>\n\n\n\n<figure class=\"wp-block-image size-large is-resized\"><img loading=\"lazy\" decoding=\"async\" width=\"1024\" height=\"747\" src=\"https:\/\/folievoltaire.ch\/wp-content\/uploads\/2024\/08\/flyer-compo06-seul-1024x747.jpg\" alt=\"\" class=\"wp-image-3627\" style=\"aspect-ratio:1.37079528822349;width:643px;height:auto\" srcset=\"https:\/\/folievoltaire.ch\/wp-content\/uploads\/2024\/08\/flyer-compo06-seul-1024x747.jpg 1024w, https:\/\/folievoltaire.ch\/wp-content\/uploads\/2024\/08\/flyer-compo06-seul-300x219.jpg 300w, https:\/\/folievoltaire.ch\/wp-content\/uploads\/2024\/08\/flyer-compo06-seul-768x560.jpg 768w, https:\/\/folievoltaire.ch\/wp-content\/uploads\/2024\/08\/flyer-compo06-seul-411x300.jpg 411w, https:\/\/folievoltaire.ch\/wp-content\/uploads\/2024\/08\/flyer-compo06-seul-413x300.jpg 413w, https:\/\/folievoltaire.ch\/wp-content\/uploads\/2024\/08\/flyer-compo06-seul.jpg 1088w\" sizes=\"auto, (max-width: 1024px) 100vw, 1024px\" \/><\/figure>\n\n\n\n<figure class=\"wp-block-image size-large is-resized\"><img loading=\"lazy\" decoding=\"async\" width=\"724\" height=\"1024\" src=\"https:\/\/folievoltaire.ch\/wp-content\/uploads\/2024\/08\/puce06-copy-724x1024.jpg\" alt=\"\" class=\"wp-image-3232\" style=\"width:427px;height:auto\" srcset=\"https:\/\/folievoltaire.ch\/wp-content\/uploads\/2024\/08\/puce06-copy-724x1024.jpg 724w, https:\/\/folievoltaire.ch\/wp-content\/uploads\/2024\/08\/puce06-copy-212x300.jpg 212w, https:\/\/folievoltaire.ch\/wp-content\/uploads\/2024\/08\/puce06-copy-768x1086.jpg 768w, https:\/\/folievoltaire.ch\/wp-content\/uploads\/2024\/08\/puce06-copy-1086x1536.jpg 1086w, https:\/\/folievoltaire.ch\/wp-content\/uploads\/2024\/08\/puce06-copy-1448x2048.jpg 1448w, https:\/\/folievoltaire.ch\/wp-content\/uploads\/2024\/08\/puce06-copy-scaled.jpg 1810w\" sizes=\"auto, (max-width: 724px) 100vw, 724px\" \/><\/figure>\n\n\n\n<figure class=\"wp-block-image size-full is-resized\"><img loading=\"lazy\" decoding=\"async\" width=\"679\" height=\"960\" src=\"https:\/\/folievoltaire.ch\/wp-content\/uploads\/2024\/08\/Brocante-20-septembre-2025.jpg\" alt=\"\" class=\"wp-image-3055\" style=\"width:426px;height:auto\" srcset=\"https:\/\/folievoltaire.ch\/wp-content\/uploads\/2024\/08\/Brocante-20-septembre-2025.jpg 679w, https:\/\/folievoltaire.ch\/wp-content\/uploads\/2024\/08\/Brocante-20-septembre-2025-212x300.jpg 212w\" sizes=\"auto, (max-width: 679px) 100vw, 679px\" \/><\/figure>\n\n\n\n<p class=\"wp-block-paragraph\"><\/p>\n\n\n\n<figure class=\"wp-block-image size-large is-resized\"><img loading=\"lazy\" decoding=\"async\" width=\"722\" height=\"1024\" src=\"https:\/\/folievoltaire.ch\/wp-content\/uploads\/2024\/08\/affiche-7-juin--722x1024.jpg\" alt=\"\" class=\"wp-image-2770\" style=\"width:434px;height:auto\" srcset=\"https:\/\/folievoltaire.ch\/wp-content\/uploads\/2024\/08\/affiche-7-juin--722x1024.jpg 722w, https:\/\/folievoltaire.ch\/wp-content\/uploads\/2024\/08\/affiche-7-juin--211x300.jpg 211w, https:\/\/folievoltaire.ch\/wp-content\/uploads\/2024\/08\/affiche-7-juin--768x1089.jpg 768w, https:\/\/folievoltaire.ch\/wp-content\/uploads\/2024\/08\/affiche-7-juin--1083x1536.jpg 1083w, https:\/\/folievoltaire.ch\/wp-content\/uploads\/2024\/08\/affiche-7-juin--1444x2048.jpg 1444w, https:\/\/folievoltaire.ch\/wp-content\/uploads\/2024\/08\/affiche-7-juin-.jpg 1744w\" sizes=\"auto, (max-width: 722px) 100vw, 722px\" \/><\/figure>\n\n\n\n<p class=\"wp-block-paragraph\">Affiche: Kali<\/p>\n\n\n\n<p class=\"wp-block-paragraph\"><\/p>\n\n\n\n<p class=\"wp-block-paragraph\"><\/p>\n\n\n\n<p class=\"wp-block-paragraph\"><\/p>\n\n\n\n<p class=\"wp-block-paragraph\"><\/p>\n\n\n\n<p class=\"wp-block-paragraph\"><\/p>\n\n\n\n<p class=\"wp-block-paragraph\"><\/p>\n\n\n\n<p class=\"wp-block-paragraph\"><\/p>\n\n\n\n<p class=\"wp-block-paragraph\"><\/p>\n\n\n\n<p class=\"wp-block-paragraph\"><\/p>\n\n\n\n<p class=\"wp-block-paragraph\"><\/p>\n\n\n\n<p class=\"wp-block-paragraph\"><\/p>\n\n\n\n<p class=\"wp-block-paragraph\"><\/p>\n\n\n\n<p class=\"wp-block-paragraph\"><\/p>\n\n\n\n<p class=\"wp-block-paragraph\"><\/p>\n","protected":false},"excerpt":{"rendered":"<p>Prochaines ouvertures pr\u00e9vues pour cette semaine en relation avec la m\u00e9t\u00e9o Lundi 31 ao\u00fbt, ouvert de 14h30 \u00e0 18h Mardi 1 septembre ouvert de 14h30 &hellip;<\/p>\n","protected":false},"author":1,"featured_media":0,"comment_status":"closed","ping_status":"closed","sticky":false,"template":"","format":"standard","meta":{"footnotes":""},"categories":[1],"tags":[],"class_list":["post-1371","post","type-post","status-publish","format-standard","hentry","category-uncategorized"],"publishpress_future_action":{"enabled":false,"date":"2026-09-08 06:17:42","action":"change-status","newStatus":"draft","terms":[],"taxonomy":"category","extraData":[]},"publishpress_future_workflow_manual_trigger":{"enabledWorkflows":[]},"_links":{"self":[{"href":"https:\/\/folievoltaire.ch\/index.php\/wp-json\/wp\/v2\/posts\/1371","targetHints":{"allow":["GET"]}}],"collection":[{"href":"https:\/\/folievoltaire.ch\/index.php\/wp-json\/wp\/v2\/posts"}],"about":[{"href":"https:\/\/folievoltaire.ch\/index.php\/wp-json\/wp\/v2\/types\/post"}],"author":[{"embeddable":true,"href":"https:\/\/folievoltaire.ch\/index.php\/wp-json\/wp\/v2\/users\/1"}],"replies":[{"embeddable":true,"href":"https:\/\/folievoltaire.ch\/index.php\/wp-json\/wp\/v2\/comments?post=1371"}],"version-history":[{"count":1275,"href":"https:\/\/folievoltaire.ch\/index.php\/wp-json\/wp\/v2\/posts\/1371\/revisions"}],"predecessor-version":[{"id":3635,"href":"https:\/\/folievoltaire.ch\/index.php\/wp-json\/wp\/v2\/posts\/1371\/revisions\/3635"}],"wp:attachment":[{"href":"https:\/\/folievoltaire.ch\/index.php\/wp-json\/wp\/v2\/media?parent=1371"}],"wp:term":[{"taxonomy":"category","embeddable":true,"href":"https:\/\/folievoltaire.ch\/index.php\/wp-json\/wp\/v2\/categories?post=1371"},{"taxonomy":"post_tag","embeddable":true,"href":"https:\/\/folievoltaire.ch\/index.php\/wp-json\/wp\/v2\/tags?post=1371"}],"curies":[{"name":"wp","href":"https:\/\/api.w.org\/{rel}","templated":true}]}}